{"id":5868,"date":"2023-11-20T01:45:06","date_gmt":"2023-11-20T01:45:06","guid":{"rendered":"https:\/\/autumn.globalinvestsummit.com\/?p=5868"},"modified":"2023-11-23T11:47:04","modified_gmt":"2023-11-23T11:47:04","slug":"panelova-diskuse-venture-capital-a-private-equity-v-roce-2023-a-co-ocekavat-od-roku-2024","status":"publish","type":"post","link":"http:\/\/autumn.globalinvestsummit.com\/cs\/panelova-diskuse-venture-capital-a-private-equity-v-roce-2023-a-co-ocekavat-od-roku-2024\/","title":{"rendered":"Panelov\u00e1 diskuse: Venture Capital a private equity v roce 2023 a co o\u010dek\u00e1vat od roku 2024."},"content":{"rendered":"<section class=\"wpb-content-wrapper\"><div data-vc-full-width=\"true\" data-vc-full-width-init=\"false\" class=\"vc_row wpb_row vc_row-fluid vc_custom_1700116340698 vc_row-has-fill\"><div class=\"wpb_column vc_column_container vc_col-sm-12\"><div class=\"vc_column-inner \"><div class=\"wpb_wrapper\"><div class =\"genesisexpo_module_text\" style=\"font-size:30px;line-height:40px;\">\n<h3 style=\"text-align: center; color: #00ff6a;\">Panelov\u00e1 diskuse: Venture Capital a private equity v roce 2023 a co o\u010dek\u00e1vat od roku 2024.<\/h3>\n<\/div>  \n<div class =\"genesisexpo_module_text wfont\" style=\"font-size:20px;line-height:30px;\">\n<p style=\"text-align: center;\"><span>Tom\u00e1\u0161 Ditrych, P\u0159emysl Rube\u0161, Filip Savi, Mat\u011bj Kumst\u00fd\u0159<\/span><\/p>\n<\/div>  \n\n\t<div class=\"wpb_video_widget wpb_content_element vc_clearfix   vc_video-aspect-ratio-169 vc_video-el-width-100 vc_video-align-left\" >\n\t\t<div class=\"wpb_wrapper\">\n\t\t\t\n\t\t\t<div class=\"wpb_video_wrapper\"><iframe loading=\"lazy\" title=\"Panelov\u00e1 diskuse: Venture Capital a private equity v roce 2023 a co o\u010dek\u00e1vat od roku 2024.\" width=\"500\" height=\"281\" src=\"https:\/\/www.youtube.com\/embed\/IJI0nMkEP1g?feature=oembed\" frameborder=\"0\" allow=\"accelerometer; autoplay; clipboard-write; encrypted-media; gyroscope; picture-in-picture; web-share\" allowfullscreen><\/iframe><\/div>\n\t\t<\/div>\n\t<\/div>\n<\/div><\/div><\/div><\/div><div class=\"vc_row-full-width vc_clearfix\"><\/div>\n<\/section>","protected":false},"excerpt":{"rendered":"Panelov\u00e1 diskuse: Venture Capital a private equity v roce 2023 a co o\u010dek\u00e1vat od roku 2024. Tom\u00e1\u0161 Ditrych, P\u0159emysl Rube\u0161, Filip Savi, Mat\u011bj Kumst\u00fd\u0159","protected":false},"author":3,"featured_media":5688,"comment_status":"closed","ping_status":"closed","sticky":false,"template":"","format":"standard","meta":{"footnotes":""},"categories":[65],"tags":[],"_links":{"self":[{"href":"http:\/\/autumn.globalinvestsummit.com\/cs\/wp-json\/wp\/v2\/posts\/5868"}],"collection":[{"href":"http:\/\/autumn.globalinvestsummit.com\/cs\/wp-json\/wp\/v2\/posts"}],"about":[{"href":"http:\/\/autumn.globalinvestsummit.com\/cs\/wp-json\/wp\/v2\/types\/post"}],"author":[{"embeddable":true,"href":"http:\/\/autumn.globalinvestsummit.com\/cs\/wp-json\/wp\/v2\/users\/3"}],"replies":[{"embeddable":true,"href":"http:\/\/autumn.globalinvestsummit.com\/cs\/wp-json\/wp\/v2\/comments?post=5868"}],"version-history":[{"count":3,"href":"http:\/\/autumn.globalinvestsummit.com\/cs\/wp-json\/wp\/v2\/posts\/5868\/revisions"}],"predecessor-version":[{"id":5948,"href":"http:\/\/autumn.globalinvestsummit.com\/cs\/wp-json\/wp\/v2\/posts\/5868\/revisions\/5948"}],"wp:featuredmedia":[{"embeddable":true,"href":"http:\/\/autumn.globalinvestsummit.com\/cs\/wp-json\/wp\/v2\/media\/5688"}],"wp:attachment":[{"href":"http:\/\/autumn.globalinvestsummit.com\/cs\/wp-json\/wp\/v2\/media?parent=5868"}],"wp:term":[{"taxonomy":"category","embeddable":true,"href":"http:\/\/autumn.globalinvestsummit.com\/cs\/wp-json\/wp\/v2\/categories?post=5868"},{"taxonomy":"post_tag","embeddable":true,"href":"http:\/\/autumn.globalinvestsummit.com\/cs\/wp-json\/wp\/v2\/tags?post=5868"}],"curies":[{"name":"wp","href":"https:\/\/api.w.org\/{rel}","templated":true}]}}